{"id":91,"date":"2023-11-25T03:48:22","date_gmt":"2023-11-25T06:48:22","guid":{"rendered":"https:\/\/shtheme.com\/demosd\/edumart\/?p=91"},"modified":"2025-05-26T14:00:30","modified_gmt":"2025-05-26T17:00:30","slug":"lorem-ipsum-is-simply-dummy-text-of-the-printing-and-typesetting-industry-13","status":"publish","type":"post","link":"https:\/\/colegionocedal.cl\/alumni\/lorem-ipsum-is-simply-dummy-text-of-the-printing-and-typesetting-industry-13\/","title":{"rendered":"Reuni\u00f3n exalumnos 2023"},"content":{"rendered":"\t\t<div data-elementor-type=\"wp-post\" data-elementor-id=\"91\" class=\"elementor elementor-91\">\n\t\t\t\t\t\t<section class=\"elementor-section elementor-top-section elementor-element elementor-element-70205bc2 elementor-section-boxed elementor-section-height-default elementor-section-height-default\" data-id=\"70205bc2\" data-element_type=\"section\" data-e-type=\"section\">\n\t\t\t\t\t\t<div class=\"elementor-container elementor-column-gap-default\">\n\t\t\t\t\t<div class=\"elementor-column elementor-col-100 elementor-top-column elementor-element elementor-element-4fd98a27\" data-id=\"4fd98a27\" data-element_type=\"column\" data-e-type=\"column\">\n\t\t\t<div class=\"elementor-widget-wrap elementor-element-populated\">\n\t\t\t\t\t\t<div class=\"elementor-element elementor-element-12739112 elementor-widget elementor-widget-text-editor\" data-id=\"12739112\" data-element_type=\"widget\" data-e-type=\"widget\" data-widget_type=\"text-editor.default\">\n\t\t\t\t<div class=\"elementor-widget-container\">\n\t\t\t\t\t\t\t\t\t\u00a1Encuentro Anual en el Colegio Nocedal!\u00a0\ud83c\udf1f M\u00e1s de 120 exalumnos y 15 profesores, se reunieron el s\u00e1bado 25 de noviembre para un d\u00eda lleno de nostalgia y alegr\u00eda.\r\n\r\nLa jornada inici\u00f3 con un vistazo a la nueva p\u00e1gina web de la agrupaci\u00f3n de egresados. Momentos emotivos incluyeron el recuerdo de exalumnos fallecidos con una especial bendici\u00f3n del padre Pablo Siu.\r\n\r\n\ud83e\udd1d\u00a0La familia Nocedal sigue creciendo, conectando generaciones y compartiendo el amor por el colegio. \u00a1Gracias a todos por hacer de este encuentro un momento tan especial!\t\t\t\t\t\t\t\t<\/div>\n\t\t\t\t<\/div>\n\t\t\t\t\t<\/div>\n\t\t<\/div>\n\t\t\t\t\t<\/div>\n\t\t<\/section>\n\t\t\t\t<section class=\"elementor-section elementor-top-section elementor-element elementor-element-5ab9989 elementor-section-boxed elementor-section-height-default elementor-section-height-default\" data-id=\"5ab9989\" data-element_type=\"section\" data-e-type=\"section\">\n\t\t\t\t\t\t<div class=\"elementor-container elementor-column-gap-default\">\n\t\t\t\t\t<div class=\"elementor-column elementor-col-100 elementor-top-column elementor-element elementor-element-7c9d43c\" data-id=\"7c9d43c\" data-element_type=\"column\" data-e-type=\"column\">\n\t\t\t<div class=\"elementor-widget-wrap elementor-element-populated\">\n\t\t\t\t\t\t<div class=\"elementor-element elementor-element-9e2e637 elementor-align-center elementor-widget elementor-widget-button\" data-id=\"9e2e637\" data-element_type=\"widget\" data-e-type=\"widget\" data-widget_type=\"button.default\">\n\t\t\t\t<div class=\"elementor-widget-container\">\n\t\t\t\t\t\t\t\t\t<div class=\"elementor-button-wrapper\">\n\t\t\t\t\t<a class=\"elementor-button elementor-button-link elementor-size-sm\" href=\"https:\/\/photos.google.com\/share\/AF1QipOWBJz358sAoEbBE4JKogF_nbrSclgibEoio2Tvm6S5Fj_J3oW92IXPGJzXbMluOg?key=VHZWb2l5alVNTGV5RXFrWGlXZ1EtVFlVZmdTVzJR\" target=\"_blank\">\n\t\t\t\t\t\t<span class=\"elementor-button-content-wrapper\">\n\t\t\t\t\t\t\t\t\t<span class=\"elementor-button-text\">Revisa todas las fotos de esa jornada<\/span>\n\t\t\t\t\t<\/span>\n\t\t\t\t\t<\/a>\n\t\t\t\t<\/div>\n\t\t\t\t\t\t\t\t<\/div>\n\t\t\t\t<\/div>\n\t\t\t\t\t<\/div>\n\t\t<\/div>\n\t\t\t\t\t<\/div>\n\t\t<\/section>\n\t\t\t\t<\/div>\n\t\t","protected":false},"excerpt":{"rendered":"\u00a1Encuentro Anual en el Colegio Nocedal!\u00a0\ud83c\udf1f M\u00e1s de 120 exalumnos y 15 profesores, se reunieron el s\u00e1bado 25 de noviembre para un d\u00eda lleno de nostalgia y alegr\u00eda. La jornada inici\u00f3 con un vistazo a la nueva p\u00e1gina web de la agrupaci\u00f3n de egresados. Momentos emotivos incluyeron el recuerdo de exalumnos fallecidos con una especial [&hellip;]","protected":false},"author":1,"featured_media":831,"comment_status":"closed","ping_status":"closed","sticky":false,"template":"","format":"standard","meta":{"footnotes":""},"categories":[1],"tags":[],"class_list":["post-91","post","type-post","status-publish","format-standard","has-post-thumbnail","hentry","category-sin-categoria"],"_links":{"self":[{"href":"https:\/\/colegionocedal.cl\/alumni\/wp-json\/wp\/v2\/posts\/91","targetHints":{"allow":["GET"]}}],"collection":[{"href":"https:\/\/colegionocedal.cl\/alumni\/wp-json\/wp\/v2\/posts"}],"about":[{"href":"https:\/\/colegionocedal.cl\/alumni\/wp-json\/wp\/v2\/types\/post"}],"author":[{"embeddable":true,"href":"https:\/\/colegionocedal.cl\/alumni\/wp-json\/wp\/v2\/users\/1"}],"replies":[{"embeddable":true,"href":"https:\/\/colegionocedal.cl\/alumni\/wp-json\/wp\/v2\/comments?post=91"}],"version-history":[{"count":7,"href":"https:\/\/colegionocedal.cl\/alumni\/wp-json\/wp\/v2\/posts\/91\/revisions"}],"predecessor-version":[{"id":1519,"href":"https:\/\/colegionocedal.cl\/alumni\/wp-json\/wp\/v2\/posts\/91\/revisions\/1519"}],"wp:featuredmedia":[{"embeddable":true,"href":"https:\/\/colegionocedal.cl\/alumni\/wp-json\/wp\/v2\/media\/831"}],"wp:attachment":[{"href":"https:\/\/colegionocedal.cl\/alumni\/wp-json\/wp\/v2\/media?parent=91"}],"wp:term":[{"taxonomy":"category","embeddable":true,"href":"https:\/\/colegionocedal.cl\/alumni\/wp-json\/wp\/v2\/categories?post=91"},{"taxonomy":"post_tag","embeddable":true,"href":"https:\/\/colegionocedal.cl\/alumni\/wp-json\/wp\/v2\/tags?post=91"}],"curies":[{"name":"wp","href":"https:\/\/api.w.org\/{rel}","templated":true}]}}