{"id":1583,"date":"2025-06-02T15:29:47","date_gmt":"2025-06-02T18:29:47","guid":{"rendered":"https:\/\/colegionocedal.cl\/alumni\/?p=1583"},"modified":"2025-06-02T15:33:15","modified_gmt":"2025-06-02T18:33:15","slug":"encuentro-anual-de-delegados-motivados-y-desafiados","status":"publish","type":"post","link":"https:\/\/colegionocedal.cl\/alumni\/encuentro-anual-de-delegados-motivados-y-desafiados\/","title":{"rendered":"ENCUENTRO ANUAL DE DELEGADOS: MOTIVADOS Y DESAFIADOS"},"content":{"rendered":"El s\u00e1bado 31 de mayo de 2025 tuvo lugar la junta anual de Delegados.\r\n\r\n&nbsp;\r\n\r\nMomentos de camarader\u00eda. Revisi\u00f3n de los avances y sobre todo la definici\u00f3n de los objetivos para este a\u00f1o. Con metas desafiantes, que nos convocan a todos para para promover iniciativas al servicio de nuestros exalumnos.\r\n\r\n&nbsp;\r\n\r\nFelices de reencontrarnos presencialmente.\r\n\r\n&nbsp;\r\n\r\nAgradecidos por el aporte de los Delegados y los Directivos del Colegio.\r\n<p style=\"text-align: center;\"><\/p>\r\n<p style=\"text-align: center;\"><img fetchpriority=\"high\" decoding=\"async\" class=\"size-medium wp-image-1584 aligncenter\" src=\"https:\/\/colegionocedal.cl\/alumni\/wp-content\/uploads\/2025\/06\/WhatsApp-Image-2025-05-31-at-4.24.24-PM-300x225.jpeg\" alt=\"\" width=\"300\" height=\"225\" srcset=\"https:\/\/colegionocedal.cl\/alumni\/wp-content\/uploads\/2025\/06\/WhatsApp-Image-2025-05-31-at-4.24.24-PM-300x225.jpeg 300w, https:\/\/colegionocedal.cl\/alumni\/wp-content\/uploads\/2025\/06\/WhatsApp-Image-2025-05-31-at-4.24.24-PM-1024x768.jpeg 1024w, https:\/\/colegionocedal.cl\/alumni\/wp-content\/uploads\/2025\/06\/WhatsApp-Image-2025-05-31-at-4.24.24-PM-768x576.jpeg 768w, https:\/\/colegionocedal.cl\/alumni\/wp-content\/uploads\/2025\/06\/WhatsApp-Image-2025-05-31-at-4.24.24-PM.jpeg 1280w\" sizes=\"(max-width: 300px) 100vw, 300px\" \/><\/p>\r\n<p style=\"text-align: center;\"><img decoding=\"async\" class=\"size-medium wp-image-1585 aligncenter\" src=\"https:\/\/colegionocedal.cl\/alumni\/wp-content\/uploads\/2025\/06\/WhatsApp-Image-2025-05-31-at-4.24.14-PM-225x300.jpeg\" alt=\"\" width=\"225\" height=\"300\" srcset=\"https:\/\/colegionocedal.cl\/alumni\/wp-content\/uploads\/2025\/06\/WhatsApp-Image-2025-05-31-at-4.24.14-PM-225x300.jpeg 225w, https:\/\/colegionocedal.cl\/alumni\/wp-content\/uploads\/2025\/06\/WhatsApp-Image-2025-05-31-at-4.24.14-PM-768x1024.jpeg 768w, https:\/\/colegionocedal.cl\/alumni\/wp-content\/uploads\/2025\/06\/WhatsApp-Image-2025-05-31-at-4.24.14-PM.jpeg 960w\" sizes=\"(max-width: 225px) 100vw, 225px\" \/><\/p>\r\n<p style=\"text-align: center;\"><img decoding=\"async\" class=\"alignnone size-medium wp-image-1596 aligncenter\" src=\"https:\/\/colegionocedal.cl\/alumni\/wp-content\/uploads\/2025\/06\/WhatsApp-Image-2025-05-31-at-4.24.25-PM-2-225x300.jpeg\" alt=\"\" width=\"225\" height=\"300\" srcset=\"https:\/\/colegionocedal.cl\/alumni\/wp-content\/uploads\/2025\/06\/WhatsApp-Image-2025-05-31-at-4.24.25-PM-2-225x300.jpeg 225w, https:\/\/colegionocedal.cl\/alumni\/wp-content\/uploads\/2025\/06\/WhatsApp-Image-2025-05-31-at-4.24.25-PM-2-768x1024.jpeg 768w, https:\/\/colegionocedal.cl\/alumni\/wp-content\/uploads\/2025\/06\/WhatsApp-Image-2025-05-31-at-4.24.25-PM-2.jpeg 960w\" sizes=\"(max-width: 225px) 100vw, 225px\" \/>\u00a0 \u00a0 \u00a0 \u00a0 \u00a0\u00a0 <img loading=\"lazy\" decoding=\"async\" class=\"alignnone size-medium wp-image-1597 aligncenter\" src=\"https:\/\/colegionocedal.cl\/alumni\/wp-content\/uploads\/2025\/06\/WhatsApp-Image-2025-05-31-at-4.24.24-PM-1-225x300.jpeg\" alt=\"\" width=\"225\" height=\"300\" srcset=\"https:\/\/colegionocedal.cl\/alumni\/wp-content\/uploads\/2025\/06\/WhatsApp-Image-2025-05-31-at-4.24.24-PM-1-225x300.jpeg 225w, https:\/\/colegionocedal.cl\/alumni\/wp-content\/uploads\/2025\/06\/WhatsApp-Image-2025-05-31-at-4.24.24-PM-1-768x1024.jpeg 768w, https:\/\/colegionocedal.cl\/alumni\/wp-content\/uploads\/2025\/06\/WhatsApp-Image-2025-05-31-at-4.24.24-PM-1.jpeg 960w\" sizes=\"(max-width: 225px) 100vw, 225px\" \/><\/p>","protected":false},"excerpt":{"rendered":"El s\u00e1bado 31 de mayo de 2025 tuvo lugar la junta anual de Delegados. &nbsp; Momentos de camarader\u00eda. Revisi\u00f3n de los avances y sobre todo la definici\u00f3n de los objetivos para este a\u00f1o. Con metas desafiantes, que nos convocan a todos para para promover iniciativas al servicio de nuestros exalumnos. &nbsp; Felices de reencontrarnos presencialmente. [&hellip;]","protected":false},"author":1,"featured_media":1595,"comment_status":"open","ping_status":"open","sticky":false,"template":"","format":"standard","meta":{"footnotes":""},"categories":[1],"tags":[],"class_list":["post-1583","post","type-post","status-publish","format-standard","has-post-thumbnail","hentry","category-sin-categoria"],"_links":{"self":[{"href":"https:\/\/colegionocedal.cl\/alumni\/wp-json\/wp\/v2\/posts\/1583","targetHints":{"allow":["GET"]}}],"collection":[{"href":"https:\/\/colegionocedal.cl\/alumni\/wp-json\/wp\/v2\/posts"}],"about":[{"href":"https:\/\/colegionocedal.cl\/alumni\/wp-json\/wp\/v2\/types\/post"}],"author":[{"embeddable":true,"href":"https:\/\/colegionocedal.cl\/alumni\/wp-json\/wp\/v2\/users\/1"}],"replies":[{"embeddable":true,"href":"https:\/\/colegionocedal.cl\/alumni\/wp-json\/wp\/v2\/comments?post=1583"}],"version-history":[{"count":13,"href":"https:\/\/colegionocedal.cl\/alumni\/wp-json\/wp\/v2\/posts\/1583\/revisions"}],"predecessor-version":[{"id":1606,"href":"https:\/\/colegionocedal.cl\/alumni\/wp-json\/wp\/v2\/posts\/1583\/revisions\/1606"}],"wp:featuredmedia":[{"embeddable":true,"href":"https:\/\/colegionocedal.cl\/alumni\/wp-json\/wp\/v2\/media\/1595"}],"wp:attachment":[{"href":"https:\/\/colegionocedal.cl\/alumni\/wp-json\/wp\/v2\/media?parent=1583"}],"wp:term":[{"taxonomy":"category","embeddable":true,"href":"https:\/\/colegionocedal.cl\/alumni\/wp-json\/wp\/v2\/categories?post=1583"},{"taxonomy":"post_tag","embeddable":true,"href":"https:\/\/colegionocedal.cl\/alumni\/wp-json\/wp\/v2\/tags?post=1583"}],"curies":[{"name":"wp","href":"https:\/\/api.w.org\/{rel}","templated":true}]}}