{"id":1298,"date":"2024-12-19T22:27:04","date_gmt":"2024-12-20T01:27:04","guid":{"rendered":"https:\/\/colegionocedal.cl\/alumni\/?p=1298"},"modified":"2025-05-26T14:25:09","modified_gmt":"2025-05-26T17:25:09","slug":"notable-encuentro-de-exalumnos-2024","status":"publish","type":"post","link":"https:\/\/colegionocedal.cl\/alumni\/notable-encuentro-de-exalumnos-2024\/","title":{"rendered":"Notable Encuentro de Exalumnos 2024"},"content":{"rendered":"\t\t<div data-elementor-type=\"wp-post\" data-elementor-id=\"1298\" class=\"elementor elementor-1298\">\n\t\t\t\t\t\t<section class=\"elementor-section elementor-top-section elementor-element elementor-element-cfbde03 elementor-section-boxed elementor-section-height-default elementor-section-height-default\" data-id=\"cfbde03\" data-element_type=\"section\" data-e-type=\"section\">\n\t\t\t\t\t\t<div class=\"elementor-container elementor-column-gap-default\">\n\t\t\t\t\t<div class=\"elementor-column elementor-col-100 elementor-top-column elementor-element elementor-element-69b6814\" data-id=\"69b6814\" data-element_type=\"column\" data-e-type=\"column\">\n\t\t\t<div class=\"elementor-widget-wrap elementor-element-populated\">\n\t\t\t\t\t\t<div class=\"elementor-element elementor-element-079c1ac elementor-widget elementor-widget-video\" data-id=\"079c1ac\" data-element_type=\"widget\" data-e-type=\"widget\" data-settings=\"{&quot;video_type&quot;:&quot;hosted&quot;,&quot;autoplay&quot;:&quot;yes&quot;,&quot;controls&quot;:&quot;yes&quot;}\" data-widget_type=\"video.default\">\n\t\t\t\t<div class=\"elementor-widget-container\">\n\t\t\t\t\t\t\t<div class=\"e-hosted-video elementor-wrapper elementor-open-inline\">\n\t\t\t\t\t<video class=\"elementor-video\" src=\"https:\/\/colegionocedal.cl\/alumni\/wp-content\/uploads\/2025\/05\/2024_11_09_11_58_30_Cache.mp4\" autoplay=\"\" controls=\"\" controlsList=\"nodownload\"><\/video>\n\t\t\t\t<\/div>\n\t\t\t\t\t\t<\/div>\n\t\t\t\t<\/div>\n\t\t\t\t\t<\/div>\n\t\t<\/div>\n\t\t\t\t\t<\/div>\n\t\t<\/section>\n\t\t\t\t<section class=\"elementor-section elementor-top-section elementor-element elementor-element-7a1f80a4 elementor-section-boxed elementor-section-height-default elementor-section-height-default\" data-id=\"7a1f80a4\" data-element_type=\"section\" data-e-type=\"section\">\n\t\t\t\t\t\t<div class=\"elementor-container elementor-column-gap-default\">\n\t\t\t\t\t<div class=\"elementor-column elementor-col-100 elementor-top-column elementor-element elementor-element-67630ba3\" data-id=\"67630ba3\" data-element_type=\"column\" data-e-type=\"column\">\n\t\t\t<div class=\"elementor-widget-wrap elementor-element-populated\">\n\t\t\t\t\t\t<div class=\"elementor-element elementor-element-28bc1e31 elementor-widget elementor-widget-text-editor\" data-id=\"28bc1e31\" data-element_type=\"widget\" data-e-type=\"widget\" data-widget_type=\"text-editor.default\">\n\t\t\t\t<div class=\"elementor-widget-container\">\n\t\t\t\t\t\t\t\t\t<p>El s\u00e1bado 9 de noviembre, en un ambiente de gran alegr\u00eda se reunieron m\u00e1s de 160 exalumnos y varios profesores. Para celebrar una jornada de reencuentro, recordar tantas historias juntas, retomar contactos y darse cuenta de c\u00f3mo hemos crecido.<\/p><p>Y ese d\u00eda estuvo marcado por hitos notables. Reconocimos a los exalumnos que cumplieron 20 y 15 a\u00f1os de egresados. Rezamos por aquellos que han fallecido, alumnos, profesores, auxiliares. Compartimos entretenidos sorteos. La generaci\u00f3n 2004 gan\u00f3 un buen asado, con todo para prepararlo. Los Castores se hicieron presentes con muchos de sus emblem\u00e1ticos jugadores. El f\u00fatbol llen\u00f3 nuestra cancha. Nos sacamos la infaltable foto grupal.<\/p><p>El d\u00eda transcurri\u00f3 entre los grupos de cada curso que se juntaron para almorzar. Y la conversaci\u00f3n detenida con tantos profesores. Varios de ellos volvieron al Colegio para compartir con los exalumnos.<\/p><p>Terminamos la jornada agradecidos, contentos, pensando en el pr\u00f3ximo encuentro y los planes de la Asociaci\u00f3n. Sobre todo, de los avances que poco a poco se van alcanzando.<\/p>\t\t\t\t\t\t\t\t<\/div>\n\t\t\t\t<\/div>\n\t\t\t\t\t<\/div>\n\t\t<\/div>\n\t\t\t\t\t<\/div>\n\t\t<\/section>\n\t\t\t\t<\/div>\n\t\t","protected":false},"excerpt":{"rendered":"https:\/\/colegionocedal.cl\/alumni\/wp-content\/uploads\/2025\/05\/2024_11_09_11_58_30_Cache.mp4 El s\u00e1bado 9 de noviembre, en un ambiente de gran alegr\u00eda se reunieron m\u00e1s de 160 exalumnos y varios profesores. Para celebrar una jornada de reencuentro, recordar tantas historias juntas, retomar contactos y darse cuenta de c\u00f3mo hemos crecido. Y ese d\u00eda estuvo marcado por hitos notables. Reconocimos a los exalumnos que cumplieron 20 [&hellip;]","protected":false},"author":1,"featured_media":1503,"comment_status":"closed","ping_status":"closed","sticky":false,"template":"","format":"standard","meta":{"footnotes":""},"categories":[1],"tags":[],"class_list":["post-1298","post","type-post","status-publish","format-standard","has-post-thumbnail","hentry","category-sin-categoria"],"_links":{"self":[{"href":"https:\/\/colegionocedal.cl\/alumni\/wp-json\/wp\/v2\/posts\/1298","targetHints":{"allow":["GET"]}}],"collection":[{"href":"https:\/\/colegionocedal.cl\/alumni\/wp-json\/wp\/v2\/posts"}],"about":[{"href":"https:\/\/colegionocedal.cl\/alumni\/wp-json\/wp\/v2\/types\/post"}],"author":[{"embeddable":true,"href":"https:\/\/colegionocedal.cl\/alumni\/wp-json\/wp\/v2\/users\/1"}],"replies":[{"embeddable":true,"href":"https:\/\/colegionocedal.cl\/alumni\/wp-json\/wp\/v2\/comments?post=1298"}],"version-history":[{"count":37,"href":"https:\/\/colegionocedal.cl\/alumni\/wp-json\/wp\/v2\/posts\/1298\/revisions"}],"predecessor-version":[{"id":1538,"href":"https:\/\/colegionocedal.cl\/alumni\/wp-json\/wp\/v2\/posts\/1298\/revisions\/1538"}],"wp:featuredmedia":[{"embeddable":true,"href":"https:\/\/colegionocedal.cl\/alumni\/wp-json\/wp\/v2\/media\/1503"}],"wp:attachment":[{"href":"https:\/\/colegionocedal.cl\/alumni\/wp-json\/wp\/v2\/media?parent=1298"}],"wp:term":[{"taxonomy":"category","embeddable":true,"href":"https:\/\/colegionocedal.cl\/alumni\/wp-json\/wp\/v2\/categories?post=1298"},{"taxonomy":"post_tag","embeddable":true,"href":"https:\/\/colegionocedal.cl\/alumni\/wp-json\/wp\/v2\/tags?post=1298"}],"curies":[{"name":"wp","href":"https:\/\/api.w.org\/{rel}","templated":true}]}}