{"id":1296,"date":"2024-09-19T22:26:38","date_gmt":"2024-09-20T01:26:38","guid":{"rendered":"https:\/\/colegionocedal.cl\/alumni\/?p=1296"},"modified":"2025-05-26T18:43:37","modified_gmt":"2025-05-26T21:43:37","slug":"encuentro-delegados-fundadores-agosto-2024","status":"publish","type":"post","link":"https:\/\/colegionocedal.cl\/alumni\/encuentro-delegados-fundadores-agosto-2024\/","title":{"rendered":"Encuentro Delegados Fundadores versi\u00f3n 2024"},"content":{"rendered":"\t\t<div data-elementor-type=\"wp-post\" data-elementor-id=\"1296\" class=\"elementor elementor-1296\">\n\t\t\t\t\t\t<section class=\"elementor-section elementor-top-section elementor-element elementor-element-086c436 elementor-section-boxed elementor-section-height-default elementor-section-height-default\" data-id=\"086c436\" data-element_type=\"section\" data-e-type=\"section\">\n\t\t\t\t\t\t<div class=\"elementor-container elementor-column-gap-default\">\n\t\t\t\t\t<div class=\"elementor-column elementor-col-100 elementor-top-column elementor-element elementor-element-6d7d3de\" data-id=\"6d7d3de\" data-element_type=\"column\" data-e-type=\"column\">\n\t\t\t<div class=\"elementor-widget-wrap elementor-element-populated\">\n\t\t\t\t\t\t<div class=\"elementor-element elementor-element-d16325a elementor-widget elementor-widget-image\" data-id=\"d16325a\" data-element_type=\"widget\" data-e-type=\"widget\" data-widget_type=\"image.default\">\n\t\t\t\t<div class=\"elementor-widget-container\">\n\t\t\t\t\t\t\t\t\t\t\t\t\t\t\t<img fetchpriority=\"high\" decoding=\"async\" width=\"900\" height=\"675\" src=\"https:\/\/colegionocedal.cl\/alumni\/wp-content\/uploads\/2025\/05\/Encuentro-delegados-2024-1024x768.jpeg\" class=\"attachment-large size-large wp-image-1300\" alt=\"\" srcset=\"https:\/\/colegionocedal.cl\/alumni\/wp-content\/uploads\/2025\/05\/Encuentro-delegados-2024-1024x768.jpeg 1024w, https:\/\/colegionocedal.cl\/alumni\/wp-content\/uploads\/2025\/05\/Encuentro-delegados-2024-300x225.jpeg 300w, https:\/\/colegionocedal.cl\/alumni\/wp-content\/uploads\/2025\/05\/Encuentro-delegados-2024-768x576.jpeg 768w, https:\/\/colegionocedal.cl\/alumni\/wp-content\/uploads\/2025\/05\/Encuentro-delegados-2024.jpeg 1280w\" sizes=\"(max-width: 900px) 100vw, 900px\" \/>\t\t\t\t\t\t\t\t\t\t\t\t\t\t\t<\/div>\n\t\t\t\t<\/div>\n\t\t\t\t\t<\/div>\n\t\t<\/div>\n\t\t\t\t\t<\/div>\n\t\t<\/section>\n\t\t\t\t<section class=\"elementor-section elementor-top-section elementor-element elementor-element-2c2c0d36 elementor-section-boxed elementor-section-height-default elementor-section-height-default\" data-id=\"2c2c0d36\" data-element_type=\"section\" data-e-type=\"section\">\n\t\t\t\t\t\t<div class=\"elementor-container elementor-column-gap-default\">\n\t\t\t\t\t<div class=\"elementor-column elementor-col-100 elementor-top-column elementor-element elementor-element-4a7e0a37\" data-id=\"4a7e0a37\" data-element_type=\"column\" data-e-type=\"column\">\n\t\t\t<div class=\"elementor-widget-wrap elementor-element-populated\">\n\t\t\t\t\t\t<div class=\"elementor-element elementor-element-7fad9b7a elementor-widget elementor-widget-text-editor\" data-id=\"7fad9b7a\" data-element_type=\"widget\" data-e-type=\"widget\" data-widget_type=\"text-editor.default\">\n\t\t\t\t<div class=\"elementor-widget-container\">\n\t\t\t\t\t\t\t\t\t<p>TRABAJANDO EN EL PLAN ESTRAT\u00c9GICO<\/p><p>El s\u00e1bado 24 de agosto de 2024 a lo largo de la ma\u00f1ana, y en un grato encuentro de camarader\u00eda, se reunieron los delegados Fundadores de la Asociaci\u00f3n en Quil\u00edn.<\/p><p>Fueron horas de planificaci\u00f3n y trabajo en equipo. Con ideas potentes para empujar los sue\u00f1os de nuestra Asociaci\u00f3n.<\/p><p>Agradecemos a cada uno de los delegados su presencia y colaboraci\u00f3n.<\/p><p>Vamos por mucho m\u00e1s !!!!<\/p>\t\t\t\t\t\t\t\t<\/div>\n\t\t\t\t<\/div>\n\t\t\t\t\t<\/div>\n\t\t<\/div>\n\t\t\t\t\t<\/div>\n\t\t<\/section>\n\t\t\t\t<\/div>\n\t\t","protected":false},"excerpt":{"rendered":"TRABAJANDO EN EL PLAN ESTRAT\u00c9GICO El s\u00e1bado 24 de agosto de 2024 a lo largo de la ma\u00f1ana, y en un grato encuentro de camarader\u00eda, se reunieron los delegados Fundadores de la Asociaci\u00f3n en Quil\u00edn. Fueron horas de planificaci\u00f3n y trabajo en equipo. Con ideas potentes para empujar los sue\u00f1os de nuestra Asociaci\u00f3n. Agradecemos a [&hellip;]","protected":false},"author":1,"featured_media":1300,"comment_status":"closed","ping_status":"closed","sticky":false,"template":"","format":"standard","meta":{"footnotes":""},"categories":[1],"tags":[],"class_list":["post-1296","post","type-post","status-publish","format-standard","has-post-thumbnail","hentry","category-sin-categoria"],"_links":{"self":[{"href":"https:\/\/colegionocedal.cl\/alumni\/wp-json\/wp\/v2\/posts\/1296","targetHints":{"allow":["GET"]}}],"collection":[{"href":"https:\/\/colegionocedal.cl\/alumni\/wp-json\/wp\/v2\/posts"}],"about":[{"href":"https:\/\/colegionocedal.cl\/alumni\/wp-json\/wp\/v2\/types\/post"}],"author":[{"embeddable":true,"href":"https:\/\/colegionocedal.cl\/alumni\/wp-json\/wp\/v2\/users\/1"}],"replies":[{"embeddable":true,"href":"https:\/\/colegionocedal.cl\/alumni\/wp-json\/wp\/v2\/comments?post=1296"}],"version-history":[{"count":11,"href":"https:\/\/colegionocedal.cl\/alumni\/wp-json\/wp\/v2\/posts\/1296\/revisions"}],"predecessor-version":[{"id":1539,"href":"https:\/\/colegionocedal.cl\/alumni\/wp-json\/wp\/v2\/posts\/1296\/revisions\/1539"}],"wp:featuredmedia":[{"embeddable":true,"href":"https:\/\/colegionocedal.cl\/alumni\/wp-json\/wp\/v2\/media\/1300"}],"wp:attachment":[{"href":"https:\/\/colegionocedal.cl\/alumni\/wp-json\/wp\/v2\/media?parent=1296"}],"wp:term":[{"taxonomy":"category","embeddable":true,"href":"https:\/\/colegionocedal.cl\/alumni\/wp-json\/wp\/v2\/categories?post=1296"},{"taxonomy":"post_tag","embeddable":true,"href":"https:\/\/colegionocedal.cl\/alumni\/wp-json\/wp\/v2\/tags?post=1296"}],"curies":[{"name":"wp","href":"https:\/\/api.w.org\/{rel}","templated":true}]}}